{"id":12377,"date":"2025-07-22T10:56:58","date_gmt":"2025-07-22T08:56:58","guid":{"rendered":"https:\/\/eccoproducts.eu\/borduri-in-gradina-ce-material-sa-alegeti\/"},"modified":"2025-08-19T14:08:13","modified_gmt":"2025-08-19T12:08:13","slug":"borduri-in-gradina-ce-material-sa-alegeti","status":"publish","type":"post","link":"https:\/\/eccoproducts.eu\/ro\/borduri-in-gradina-ce-material-sa-alegeti\/","title":{"rendered":"Borduri \u00een gr\u0103din\u0103: ce material s\u0103 alege\u021bi?"},"content":{"rendered":"","protected":false},"excerpt":{"rendered":"","protected":false},"author":47,"featured_media":12380,"comment_status":"open","ping_status":"open","sticky":false,"template":"","format":"standard","meta":{"_acf_changed":false,"inline_featured_image":false,"footnotes":""},"categories":[191],"tags":[],"class_list":["post-12377","post","type-post","status-publish","format-standard","has-post-thumbnail","hentry","category-geen-onderdeel-van-een-categorie"],"acf":[],"yoast_head":"<!-- This site is optimized with the Yoast SEO plugin v25.9 - https:\/\/yoast.com\/wordpress\/plugins\/seo\/ -->\n<title>Borduri \u00een gr\u0103din\u0103: ce material s\u0103 alege\u021bi? - ECCO Products<\/title>\n<meta name=\"description\" content=\"Afla\u021bi ce bordur\u0103 durabil\u0103 este potrivit\u0103 pentru proiectul dvs. De la PVC flexibil, reciclat, la o\u021bel (galvanizat) sau corten elegant.\" \/>\n<meta name=\"robots\" content=\"index, follow, max-snippet:-1, max-image-preview:large, max-video-preview:-1\" \/>\n<link rel=\"canonical\" href=\"https:\/\/eccoproducts.eu\/ro\/borduri-in-gradina-ce-material-sa-alegeti\/\" \/>\n<meta property=\"og:locale\" content=\"ro_RO\" \/>\n<meta property=\"og:type\" content=\"article\" \/>\n<meta property=\"og:title\" content=\"Borduri \u00een gr\u0103din\u0103: ce material s\u0103 alege\u021bi? - ECCO Products\" \/>\n<meta property=\"og:description\" content=\"Afla\u021bi ce bordur\u0103 durabil\u0103 este potrivit\u0103 pentru proiectul dvs. De la PVC flexibil, reciclat, la o\u021bel (galvanizat) sau corten elegant.\" \/>\n<meta property=\"og:url\" content=\"https:\/\/eccoproducts.eu\/ro\/borduri-in-gradina-ce-material-sa-alegeti\/\" \/>\n<meta property=\"og:site_name\" content=\"ECCO Products\" \/>\n<meta property=\"article:published_time\" content=\"2025-07-22T08:56:58+00:00\" \/>\n<meta property=\"article:modified_time\" content=\"2025-08-19T12:08:13+00:00\" \/>\n<meta property=\"og:image\" content=\"https:\/\/eccoproducts.eu\/wp-content\/uploads\/2023\/02\/ECCOborders_coreEdge_1_1200x900.jpg\" \/>\n\t<meta property=\"og:image:width\" content=\"1200\" \/>\n\t<meta property=\"og:image:height\" content=\"900\" \/>\n\t<meta property=\"og:image:type\" content=\"image\/jpeg\" \/>\n<meta name=\"author\" content=\"sarah\" \/>\n<meta name=\"twitter:card\" content=\"summary_large_image\" \/>\n<meta name=\"twitter:label1\" content=\"Scris de\" \/>\n\t<meta name=\"twitter:data1\" content=\"sarah\" \/>\n<script type=\"application\/ld+json\" class=\"yoast-schema-graph\">{\"@context\":\"https:\/\/schema.org\",\"@graph\":[{\"@type\":\"WebPage\",\"@id\":\"https:\/\/eccoproducts.eu\/ro\/borduri-in-gradina-ce-material-sa-alegeti\/\",\"url\":\"https:\/\/eccoproducts.eu\/ro\/borduri-in-gradina-ce-material-sa-alegeti\/\",\"name\":\"Borduri \u00een gr\u0103din\u0103: ce material s\u0103 alege\u021bi? - ECCO Products\",\"isPartOf\":{\"@id\":\"https:\/\/eccoproducts.eu\/ro\/#website\"},\"primaryImageOfPage\":{\"@id\":\"https:\/\/eccoproducts.eu\/ro\/borduri-in-gradina-ce-material-sa-alegeti\/#primaryimage\"},\"image\":{\"@id\":\"https:\/\/eccoproducts.eu\/ro\/borduri-in-gradina-ce-material-sa-alegeti\/#primaryimage\"},\"thumbnailUrl\":\"https:\/\/eccoproducts.eu\/wp-content\/uploads\/2023\/02\/ECCOborders_coreEdge_1_1200x900.jpg\",\"datePublished\":\"2025-07-22T08:56:58+00:00\",\"dateModified\":\"2025-08-19T12:08:13+00:00\",\"author\":{\"@id\":\"https:\/\/eccoproducts.eu\/ro\/#\/schema\/person\/acc0fe9eca8ee9ed68fa5710a3670aef\"},\"description\":\"Afla\u021bi ce bordur\u0103 durabil\u0103 este potrivit\u0103 pentru proiectul dvs. De la PVC flexibil, reciclat, la o\u021bel (galvanizat) sau corten elegant.\",\"breadcrumb\":{\"@id\":\"https:\/\/eccoproducts.eu\/ro\/borduri-in-gradina-ce-material-sa-alegeti\/#breadcrumb\"},\"inLanguage\":\"ro-RO\",\"potentialAction\":[{\"@type\":\"ReadAction\",\"target\":[\"https:\/\/eccoproducts.eu\/ro\/borduri-in-gradina-ce-material-sa-alegeti\/\"]}]},{\"@type\":\"ImageObject\",\"inLanguage\":\"ro-RO\",\"@id\":\"https:\/\/eccoproducts.eu\/ro\/borduri-in-gradina-ce-material-sa-alegeti\/#primaryimage\",\"url\":\"https:\/\/eccoproducts.eu\/wp-content\/uploads\/2023\/02\/ECCOborders_coreEdge_1_1200x900.jpg\",\"contentUrl\":\"https:\/\/eccoproducts.eu\/wp-content\/uploads\/2023\/02\/ECCOborders_coreEdge_1_1200x900.jpg\",\"width\":1200,\"height\":900,\"caption\":\"Core Edge bordur\u0103 o\u021bel gr\u0103din\u0103\"},{\"@type\":\"BreadcrumbList\",\"@id\":\"https:\/\/eccoproducts.eu\/ro\/borduri-in-gradina-ce-material-sa-alegeti\/#breadcrumb\",\"itemListElement\":[{\"@type\":\"ListItem\",\"position\":1,\"name\":\"Home\",\"item\":\"https:\/\/eccoproducts.eu\/ro\/\"},{\"@type\":\"ListItem\",\"position\":2,\"name\":\"Borduri \u00een gr\u0103din\u0103: ce material s\u0103 alege\u021bi?\"}]},{\"@type\":\"WebSite\",\"@id\":\"https:\/\/eccoproducts.eu\/ro\/#website\",\"url\":\"https:\/\/eccoproducts.eu\/ro\/\",\"name\":\"ECCO Products\",\"description\":\"\",\"potentialAction\":[{\"@type\":\"SearchAction\",\"target\":{\"@type\":\"EntryPoint\",\"urlTemplate\":\"https:\/\/eccoproducts.eu\/ro\/?s={search_term_string}\"},\"query-input\":{\"@type\":\"PropertyValueSpecification\",\"valueRequired\":true,\"valueName\":\"search_term_string\"}}],\"inLanguage\":\"ro-RO\"},{\"@type\":\"Person\",\"@id\":\"https:\/\/eccoproducts.eu\/ro\/#\/schema\/person\/acc0fe9eca8ee9ed68fa5710a3670aef\",\"name\":\"sarah\",\"url\":\"https:\/\/eccoproducts.eu\/ro\/author\/sarah\/\"}]}<\/script>\n<!-- \/ Yoast SEO plugin. -->","yoast_head_json":{"title":"Borduri \u00een gr\u0103din\u0103: ce material s\u0103 alege\u021bi? - ECCO Products","description":"Afla\u021bi ce bordur\u0103 durabil\u0103 este potrivit\u0103 pentru proiectul dvs. De la PVC flexibil, reciclat, la o\u021bel (galvanizat) sau corten elegant.","robots":{"index":"index","follow":"follow","max-snippet":"max-snippet:-1","max-image-preview":"max-image-preview:large","max-video-preview":"max-video-preview:-1"},"canonical":"https:\/\/eccoproducts.eu\/ro\/borduri-in-gradina-ce-material-sa-alegeti\/","og_locale":"ro_RO","og_type":"article","og_title":"Borduri \u00een gr\u0103din\u0103: ce material s\u0103 alege\u021bi? - ECCO Products","og_description":"Afla\u021bi ce bordur\u0103 durabil\u0103 este potrivit\u0103 pentru proiectul dvs. De la PVC flexibil, reciclat, la o\u021bel (galvanizat) sau corten elegant.","og_url":"https:\/\/eccoproducts.eu\/ro\/borduri-in-gradina-ce-material-sa-alegeti\/","og_site_name":"ECCO Products","article_published_time":"2025-07-22T08:56:58+00:00","article_modified_time":"2025-08-19T12:08:13+00:00","og_image":[{"width":1200,"height":900,"url":"https:\/\/eccoproducts.eu\/wp-content\/uploads\/2023\/02\/ECCOborders_coreEdge_1_1200x900.jpg","type":"image\/jpeg"}],"author":"sarah","twitter_card":"summary_large_image","twitter_misc":{"Scris de":"sarah"},"schema":{"@context":"https:\/\/schema.org","@graph":[{"@type":"WebPage","@id":"https:\/\/eccoproducts.eu\/ro\/borduri-in-gradina-ce-material-sa-alegeti\/","url":"https:\/\/eccoproducts.eu\/ro\/borduri-in-gradina-ce-material-sa-alegeti\/","name":"Borduri \u00een gr\u0103din\u0103: ce material s\u0103 alege\u021bi? - ECCO Products","isPartOf":{"@id":"https:\/\/eccoproducts.eu\/ro\/#website"},"primaryImageOfPage":{"@id":"https:\/\/eccoproducts.eu\/ro\/borduri-in-gradina-ce-material-sa-alegeti\/#primaryimage"},"image":{"@id":"https:\/\/eccoproducts.eu\/ro\/borduri-in-gradina-ce-material-sa-alegeti\/#primaryimage"},"thumbnailUrl":"https:\/\/eccoproducts.eu\/wp-content\/uploads\/2023\/02\/ECCOborders_coreEdge_1_1200x900.jpg","datePublished":"2025-07-22T08:56:58+00:00","dateModified":"2025-08-19T12:08:13+00:00","author":{"@id":"https:\/\/eccoproducts.eu\/ro\/#\/schema\/person\/acc0fe9eca8ee9ed68fa5710a3670aef"},"description":"Afla\u021bi ce bordur\u0103 durabil\u0103 este potrivit\u0103 pentru proiectul dvs. De la PVC flexibil, reciclat, la o\u021bel (galvanizat) sau corten elegant.","breadcrumb":{"@id":"https:\/\/eccoproducts.eu\/ro\/borduri-in-gradina-ce-material-sa-alegeti\/#breadcrumb"},"inLanguage":"ro-RO","potentialAction":[{"@type":"ReadAction","target":["https:\/\/eccoproducts.eu\/ro\/borduri-in-gradina-ce-material-sa-alegeti\/"]}]},{"@type":"ImageObject","inLanguage":"ro-RO","@id":"https:\/\/eccoproducts.eu\/ro\/borduri-in-gradina-ce-material-sa-alegeti\/#primaryimage","url":"https:\/\/eccoproducts.eu\/wp-content\/uploads\/2023\/02\/ECCOborders_coreEdge_1_1200x900.jpg","contentUrl":"https:\/\/eccoproducts.eu\/wp-content\/uploads\/2023\/02\/ECCOborders_coreEdge_1_1200x900.jpg","width":1200,"height":900,"caption":"Core Edge bordur\u0103 o\u021bel gr\u0103din\u0103"},{"@type":"BreadcrumbList","@id":"https:\/\/eccoproducts.eu\/ro\/borduri-in-gradina-ce-material-sa-alegeti\/#breadcrumb","itemListElement":[{"@type":"ListItem","position":1,"name":"Home","item":"https:\/\/eccoproducts.eu\/ro\/"},{"@type":"ListItem","position":2,"name":"Borduri \u00een gr\u0103din\u0103: ce material s\u0103 alege\u021bi?"}]},{"@type":"WebSite","@id":"https:\/\/eccoproducts.eu\/ro\/#website","url":"https:\/\/eccoproducts.eu\/ro\/","name":"ECCO Products","description":"","potentialAction":[{"@type":"SearchAction","target":{"@type":"EntryPoint","urlTemplate":"https:\/\/eccoproducts.eu\/ro\/?s={search_term_string}"},"query-input":{"@type":"PropertyValueSpecification","valueRequired":true,"valueName":"search_term_string"}}],"inLanguage":"ro-RO"},{"@type":"Person","@id":"https:\/\/eccoproducts.eu\/ro\/#\/schema\/person\/acc0fe9eca8ee9ed68fa5710a3670aef","name":"sarah","url":"https:\/\/eccoproducts.eu\/ro\/author\/sarah\/"}]}},"_links":{"self":[{"href":"https:\/\/eccoproducts.eu\/ro\/wp-json\/wp\/v2\/posts\/12377","targetHints":{"allow":["GET"]}}],"collection":[{"href":"https:\/\/eccoproducts.eu\/ro\/wp-json\/wp\/v2\/posts"}],"about":[{"href":"https:\/\/eccoproducts.eu\/ro\/wp-json\/wp\/v2\/types\/post"}],"author":[{"embeddable":true,"href":"https:\/\/eccoproducts.eu\/ro\/wp-json\/wp\/v2\/users\/47"}],"replies":[{"embeddable":true,"href":"https:\/\/eccoproducts.eu\/ro\/wp-json\/wp\/v2\/comments?post=12377"}],"version-history":[{"count":0,"href":"https:\/\/eccoproducts.eu\/ro\/wp-json\/wp\/v2\/posts\/12377\/revisions"}],"wp:featuredmedia":[{"embeddable":true,"href":"https:\/\/eccoproducts.eu\/ro\/wp-json\/wp\/v2\/media\/12380"}],"wp:attachment":[{"href":"https:\/\/eccoproducts.eu\/ro\/wp-json\/wp\/v2\/media?parent=12377"}],"wp:term":[{"taxonomy":"category","embeddable":true,"href":"https:\/\/eccoproducts.eu\/ro\/wp-json\/wp\/v2\/categories?post=12377"},{"taxonomy":"post_tag","embeddable":true,"href":"https:\/\/eccoproducts.eu\/ro\/wp-json\/wp\/v2\/tags?post=12377"}],"curies":[{"name":"wp","href":"https:\/\/api.w.org\/{rel}","templated":true}]}}